{"id":395,"date":"2018-01-28T19:47:00","date_gmt":"2018-01-28T18:47:00","guid":{"rendered":"http:\/\/noviny.xy1.cz\/domains\/noviny.xy1.cz\/?p=395"},"modified":"2018-02-14T23:32:42","modified_gmt":"2018-02-14T22:32:42","slug":"pohled-ze-skleniku-na-co-si-tam-venku-vlastne-stezuji","status":"publish","type":"post","link":"https:\/\/noviny.xy1.cz\/domains\/noviny.xy1.cz\/2018\/01\/28\/pohled-ze-skleniku-na-co-si-tam-venku-vlastne-stezuji\/","title":{"rendered":"Pohled ze sklen\u00edku: Na co si tam venku vlastn\u011b st\u011b\u017euj\u00ed?"},"content":{"rendered":"<p>V posledn\u00ed dob\u011b si pom\u011brn\u011b \u010dasto kladu ot\u00e1zku, jestli jsme opravdu z nejhor\u0161\u00edho venku, kdy\u017e sly\u0161\u00edm premi\u00e9ra mluvit o skv\u011bl\u00e9m um\u00edst\u011bn\u00ed \u010ceska co do celkov\u00e9ho zadlu\u017een\u00ed, procenta nezam\u011bstnanosti (i kdy\u017e to u\u017e jaksi p\u0159est\u00e1v\u00e1 platit) a m\u00edry ohro\u017een\u00ed chudobou.<\/p>\n<p>Jsou to slova, kter\u00e1 by se mo\u017en\u00e1 za ur\u010dit\u00fdch okolnost\u00ed poslouchala velmi dob\u0159e: u n\u00e1s doma na tom nejsme tak \u0161patn\u011b, aby se ti naho\u0159e chytili za nos a sna\u017eili se n\u00e1m kone\u010dn\u011b naordinovat efektivn\u00ed reformy. A kdy\u017e je\u0161t\u011b k tomu p\u0159isp\u011bchaj\u00ed s t\u00edm, \u017ee v mezin\u00e1rodn\u00edm srovn\u00e1n\u00ed to m\u00e1me dobr\u00e9 u investor\u016f, kte\u0159\u00ed n\u00e1m na na\u0161e rozmary v podob\u011b popraskan\u00fdch d\u00e1lnic, tunel\u016f Blanka a rozkraden\u00fdch dotac\u00ed p\u016fj\u010duj\u00ed, chce se mi uk\u00e1pnout slzu.<\/p>\n<p>Jen\u017ee pak si v\u017edycky p\u0159edstav\u00edm sv\u00e9 zn\u00e1m\u00e9 a spolu\u017e\u00e1ky z podhorsk\u00e9ho m\u011bste\u010dka, kte\u0159\u00ed tvrd\u011b pracuj\u00ed a ka\u017edou korunu obr\u00e1t\u00ed ne dvakr\u00e1t, ale hned t\u0159ikr\u00e1t, proto\u017ee za posledn\u00ed dobu jim potraviny (stejn\u011b jako v\u0161em ostatn\u00edm) podra\u017eily o n\u011bkolik des\u00edtek procent, a oni p\u0159itom maj\u00ed po\u0159\u00e1d stejn\u00e9, ne-li ni\u017e\u0161\u00ed platy (a pr\u00e1ce v\u00edc), a pt\u00e1m se, kde se stala chyba. V\u017edy\u0165 mluv\u00ed-li p\u0159edseda vl\u00e1dy o tom, \u017ee ohro\u017een\u00ed chudobou u n\u00e1s prakticky neexistuje, na co si vlastn\u011b st\u011b\u017euj\u00ed?<\/p>\n<p><!--more--><\/p>\n<p><strong>Slu\u0161n\u00e1 z\u00e1kladna<\/strong><\/p>\n<p>Ano, v porovn\u00e1n\u00ed s takov\u00fdm Som\u00e1lskem, abych zam\u00ed\u0159il na snadn\u00fd archetyp\u00e1ln\u00ed ter\u010d, Sr\u00ed Lankou, Banglad\u00e9\u0161em, Zimbabwe a des\u00edtkami dal\u0161\u00edch zem\u00ed se m\u00e1me opravdu v\u00fdte\u010dn\u011b. Ani m\u00edra korupce, v n\u00ed\u017e se l\u00e9ta um\u00eds\u0165ujeme ve sv\u011btov\u00fdch \u017eeb\u0159\u00ed\u010dc\u00edch na kr\u00e1sn\u00e9m zhruba osmdes\u00e1t\u00e9m m\u00edst\u011b, u n\u00e1s nen\u00ed zase a\u017e tak vysok\u00e1. Kdy\u017e potom ale proj\u00ed\u017ed\u00edm sm\u011brem do hor a moji cestu lemuj\u00ed pozhas\u00ednan\u00e9 domy a mrtv\u00e9 z\u00f3ny, kter\u00e9 ztratily minul\u00e9ho genia loci jen kv\u016fli tomu, \u017ee lid\u00e9 ode\u0161li za lep\u0161\u00edm n\u011bkam jinam, pt\u00e1m se s\u00e1m sebe, jestli je to opravdu ten obraz, na kter\u00fd hled\u00ed tam v Praze, kdy\u017e mezi sn\u00eddan\u00ed v hotelu Savoy a ob\u011bdem v Caf\u00e9 Louvre domlouvaj\u00ed milionov\u00e9 dealy.<\/p>\n<p><strong>My a oni<\/strong><\/p>\n<p>\u010cesk\u00e1 spole\u010dnost se za dv\u011b uplynul\u00e1 desetilet\u00ed rozd\u011blila na kasty, kter\u00e9 k sob\u011b maj\u00ed neskute\u010dn\u011b daleko: jednu vrstvu p\u0159edstavuj\u00ed podnikatel\u00e9 z prvn\u00ed ligy, kter\u00fdm m\u016f\u017ee b\u00fdt politick\u00e1 a ekonomick\u00e1 situace ukraden\u00e1. Sv\u016fj majetek maj\u00ed diverzifikovan\u00fd v nadn\u00e1rodn\u00edch struktur\u00e1ch, nem\u016f\u017eou a necht\u011bj\u00ed uva\u017eovat v lok\u00e1ln\u00edch souvislostech a se \u0161p\u00ednou, ve kter\u00e9 tu u\u017e l\u00e9ta \u017eijeme, maj\u00ed n\u011bco spole\u010dn\u00e9ho jen tehdy, vedou-li proti \u010cesk\u00e9 republice mezin\u00e1rodn\u00ed arbitr\u00e1\u017e kv\u016fli tknut\u00fdm investic\u00edm. Do t\u00e9to skupiny pat\u0159\u00ed sice v\u00fdrazn\u00e1 skupina lid\u00ed, co se t\u00fd\u010de objemu finan\u010dn\u00edch prost\u0159edk\u016f, jimi\u017e disponuj\u00ed, ale co do po\u010dtu naprosto margin\u00e1ln\u00ed.<\/p>\n<p>Vrstvu \u201et\u011bch druh\u00fdch\u201c tvo\u0159\u00ed politici. Dv\u011b des\u00edtky let pracovali svorn\u011b a nerozlu\u010dn\u011b na tom, aby kolem sebe vystav\u011bli neproniknutelnou hradbu a zajistili si v\u00fdhody, na kter\u00e9 oby\u010dejn\u00fd smrteln\u00edk nem\u016f\u017ee ani pomyslet. Kdykoli \u0161lo o prebendy, dok\u00e1zali se politici semknout v jednolit\u00fd \u0161ik bez ohledu na sv\u011bton\u00e1zor a osobn\u00ed p\u0159esv\u011bd\u010den\u00ed. A\u010dkoli navenek se sna\u017eili proti zr\u016fdnostem bojovat, vnit\u0159n\u011b byli pevn\u00ed a nerozlu\u010dn\u00ed, tak\u017ee se v\u017edycky na\u0161el dostatek d\u016fvod\u016f, pro\u010d pr\u00e1v\u011b ne\u0161lo zru\u0161it nebo alespo\u0148 omezit poslaneckou imunitu, sn\u00ed\u017eit nebo alespo\u0148 zmrazit platy nebo pro\u010d bylo zrovna t\u0159eba zvy\u0161ovat po\u010dty sn\u011bmovn\u00edch v\u00fdbor\u016f nebo mno\u017estv\u00ed parlamentn\u00edch funkcion\u00e1\u0159\u016f \u010di poslaneck\u00fdch klub\u016f. Za tu dobu se ve ve\u0159ejn\u00fdch funkc\u00edch, je\u017e jsou na o\u010d\u00edch nejv\u00fdrazn\u011bji, vyst\u0159\u00eddaly jen stovky vyvolen\u00fdch. Dost m\u00e1lo na to, aby se na hostin\u011b p\u0159i\u017eivili i lid\u00e9 s \u010dist\u00fdmi \u00famysly a lid\u00e9 s praktick\u00fdmi zku\u0161enostmi.<\/p>\n<p>Je mo\u017en\u00e9, aby si t\u0159eba takov\u00fd Marek Benda, kter\u00fd do Poslaneck\u00e9 sn\u011bmovny narukoval kr\u00e1tce po st\u0159edn\u00ed a vysokou \u0161kolu si dod\u011bl\u00e1val b\u011bhem politika\u0159en\u00ed, uv\u011bdomoval t\u011b\u017ekosti, s nimi\u017e se mus\u00ed vyrovn\u00e1vat lid\u00e9, kte\u0159\u00ed se mus\u00ed \u017eivit ka\u017edodenn\u00ed prac\u00ed \u2013 bez ohledu na to, zda se jedn\u00e1 o d\u011bln\u00edky, nebo o drobn\u00e9 podnikatele? A je n\u011bjakou m\u00edrou ekonomick\u00e9 asertivity nad\u00e1n Bohuslav Sobotka, pr\u00e1vn\u00edk fu\u0161uj\u00edc\u00ed do ekonomie, kter\u00fd se poslancov\u00e1n\u00edm \u017eiv\u00ed rovn\u011b\u017e p\u011bknou \u0159\u00e1dku let a z drobn\u00fdch poslaneck\u00fdch n\u00e1hrad byl schopen na\u0161et\u0159it si na byt? Odpov\u011bzme si hned: nen\u00ed. \u017divot ve sklen\u00edku pro n\u011b znamen\u00e1 \u017eivot bezstarostn\u00fd \u2013 alespo\u0148 co se strachu o vlastn\u00ed existenci t\u00fd\u010de.<\/p>\n<p>T\u0159et\u00ed skupina lid\u00ed, kte\u0159\u00ed tvo\u0159\u00ed sou\u010dasnou \u010deskou spole\u010dnost, jsou v\u0161ichni ostatn\u00ed, tedy v\u00edc ne\u017e deset milion\u016f oby\u010dejn\u00fdch lid\u00ed, kte\u0159\u00ed bez ohledu na soci\u00e1ln\u00ed status, demografick\u00fd profil a ekonomickou kategorii, do n\u00ed\u017e je za\u0159adil statistick\u00fd \u00fa\u0159ad pod veden\u00edm velk\u00e9ho Fischera, za\u017e\u00edvaj\u00ed sv\u00e9 ka\u017edodenn\u00ed probl\u00e9my, \u00fasp\u011bchy a zklam\u00e1n\u00ed. A pat\u0159\u00ed sem kupodivu i drtiv\u00e1 v\u011bt\u0161ina t\u011bch, kter\u00e9 odta\u017eit\u00e9 tabulky, generovan\u00e9 na pra\u017esk\u00fdch \u00fa\u0159adech, \u0159ad\u00ed do kategorie podnikatel. Mezi milionem \u017eivnostn\u00edk\u016f jsou toti\u017e a\u017e na v\u00fdjimky tac\u00ed, kte\u0159\u00ed z nepochopiteln\u00fdch d\u016fvod\u016f dali p\u0159ed doch\u00e1zkou do zam\u011bstn\u00e1n\u00ed p\u0159ednost nap\u0159\u00edklad post\u00e1v\u00e1n\u00ed v mal\u00fdch koloni\u00e1lech, kde pracuj\u00ed od \u0161est\u00e9 hodiny rann\u00ed do p\u00e1t\u00e9 hodiny ve\u010dern\u00ed, aby pak stihli je\u0161t\u011b ud\u011blat s d\u011btmi \u00fakoly a namazat jim chleba ke sva\u010din\u011b na p\u0159\u00ed\u0161t\u00ed den.<\/p>\n<p>Tak\u017ee nenechme se m\u00fdlit: kdy\u017e Milo\u0161 Zeman bonmotem sob\u011b vlastn\u00edm sliboval, \u017ee bude prezidentem doln\u00edch deseti milion\u016f, m\u00e1me pr\u00e1vo v\u011bd\u011bt, koho m\u011bl na mysli. Lid\u00ed, kte\u0159\u00ed v mnoha ohledech \u0159e\u0161\u00ed sv\u00e9 existen\u010dn\u00ed starosti, je toti\u017e pravd\u011bpodobn\u011b je\u0161t\u011b o n\u011bco v\u00edc.<\/p>\n<p><strong>Makropohled vs. ka\u017edodenn\u00ed \u017eivot<\/strong><\/p>\n<p>V pra\u017esk\u00e9m a \u00fa\u017easn\u011b navon\u011bn\u00e9m sv\u011bt\u011b pln\u00e9m centr\u00e1ln\u00edch \u00fa\u0159ad\u016f a patol\u00edzalsk\u00fdch nohsled\u016f to tak nevypad\u00e1. Vezme-li si ministr Kalousek, ministryn\u011b M\u00fcllerov\u00e1 nebo premi\u00e9r Ne\u010das do ruky n\u011bjak\u00e9 tabulky nebo grafy, mohou b\u00fdt mo\u017en\u00e1 se sv\u00fdm stylem vl\u00e1dnut\u00ed nadm\u00edru spokojeni. Ostatn\u011b d\u016fvody pro zal\u00edben\u00ed v sob\u011b sam\u00fdch na\u0161li v nejr\u016fzn\u011bj\u0161\u00edch dob\u00e1ch v\u0161ichni potent\u00e1ti a k\u0159ivdili bychom jim, kdybychom jim zazl\u00edvali n\u011bjakou podjatost. Jen\u017ee ti v\u0161ichni vid\u00ed ona \u010d\u00edsla, je\u017e na n\u011b z v\u00fdkaz\u016f hled\u00ed, jen v makroekonomick\u00fdch souvislostech. Za \u017e\u00e1dn\u00fdm poklesem hrub\u00e9ho dom\u00e1c\u00edho produktu, zv\u00fd\u0161en\u00edm \u00farok\u016f na finan\u010dn\u00edch trz\u00edch nebo r\u016fstem nezam\u011bstnanosti si nejsou schopni p\u0159edstavit konkr\u00e9tn\u00ed lidsk\u00e9 osudy a p\u0159\u00edb\u011bhy lid\u00ed, kte\u0159\u00ed \u017eij\u00ed na hranici p\u0159e\u017eit\u00ed, mo\u017enost\u00ed a d\u016fstojnosti. Kv\u016fli bari\u00e9\u0159e, kterou mezi sv\u00fdmi v\u00fdsostmi a pr\u016fm\u011brn\u00fdm plebsem za dobu pob\u00fdv\u00e1n\u00ed naho\u0159e vytvo\u0159ili, jsou pro n\u011b nep\u0159edstaviteln\u00e1 utrpen\u00ed, jim\u017e mus\u00ed \u010delit poctiv\u00ed zam\u011bstnanci, kte\u0159\u00ed n\u00e1hle p\u0159ich\u00e1zej\u00ed o pr\u00e1ci, lid\u00e9, kte\u0159\u00ed se i ne vlastn\u00ed vinou dostali do sv\u00edzeln\u00e9 situace a zbytek majetku i cti jim odnesl exekutor, a v\u0161ichni ti ostatn\u00ed, kte\u0159\u00ed zkr\u00e1tka bojuj\u00ed ka\u017edodenn\u00ed bitvy a s v\u011bt\u0161\u00edmi \u010di men\u0161\u00edmi \u00fasp\u011bchy se odeb\u00edraj\u00ed do v\u011b\u010dn\u00fdch lovi\u0161\u0165 st\u00ednu, kam oko pra\u017esk\u00e9ho politika nedohl\u00e9dne.<\/p>\n<p><strong>A znovu my a oni<\/strong><\/p>\n<p>P\u0159esto jsme se my ostatn\u00ed, i kdy\u017e v\u0161ichni pat\u0159\u00edme do t\u00e9 velk\u00e9 neidentifikovateln\u00e9 masy oby\u010dejn\u00fdch smrteln\u00edk\u016f, je\u0161t\u011b rozd\u011blili. Jedni jsou ti, kdo maj\u00ed pocit, \u017ee jsou dnes a denn\u011b stahov\u00e1ni z k\u016f\u017ee \u201epodnikateli\u201c (nepl\u00e9st pros\u00edm s t\u011bmi, kdo sv\u00e9 nabyt\u00e9 statky rozm\u011blnili v nadn\u00e1rodn\u00edch investic\u00edch), a druz\u00ed ti, kdo si necht\u011bj\u00ed p\u0159ipustit, \u017ee by se m\u011bli st\u00e1t zam\u011bstnanci nebo nat\u00e1hnout sv\u00e9 dlan\u011b a ukr\u00fdt se pod k\u0159\u00eddla soci\u00e1ln\u00edho syst\u00e9mu. Jedni nad\u00e1vaj\u00ed na druh\u00e9, to kv\u016fli tomu vyko\u0159is\u0165ov\u00e1n\u00ed a nelidsk\u00e9mu zach\u00e1zen\u00ed, druz\u00ed na prvn\u00ed, proto\u017ee je stoj\u00ed dal\u0161\u00ed a dal\u0161\u00ed pen\u00edze, ani\u017e by se to jakkoli projevilo na v\u00fdsledku.<\/p>\n<p>Pro politiky je to dobr\u00e1 zpr\u00e1va. Dokud toti\u017e bude existovat nevra\u017eivost mezi t\u011bmi, kdo z\u00e1sadn\u00ed hodnoty za cenu osobn\u00edch ob\u011bt\u00ed vytv\u00e1\u0159ej\u00ed, a t\u011bmi, co mus\u00ed dennodenn\u011b vst\u00e1vat a maj\u00ed pocit, \u017ee proletari\u00e1t je hybnou silou pokroku, mohou si v t\u00e9 velk\u00e9 Praze neru\u0161en\u011b \u00fa\u0159adovat.<\/p>\n","protected":false},"excerpt":{"rendered":"<p>V posledn\u00ed dob\u011b si pom\u011brn\u011b \u010dasto kladu ot\u00e1zku, jestli jsme opravdu z nejhor\u0161\u00edho venku, kdy\u017e sly\u0161\u00edm premi\u00e9ra mluvit o skv\u011bl\u00e9m um\u00edst\u011bn\u00ed \u010ceska co do celkov\u00e9ho zadlu\u017een\u00ed, procenta nezam\u011bstnanosti (i kdy\u017e to u\u017e jaksi p\u0159est\u00e1v\u00e1 platit) a m\u00edry ohro\u017een\u00ed chudobou. Jsou to slova, kter\u00e1 by se mo\u017en\u00e1 za ur\u010dit\u00fdch okolnost\u00ed poslouchala velmi dob\u0159e: u n\u00e1s doma&hellip;<\/p>\n","protected":false},"author":1,"featured_media":0,"comment_status":"open","ping_status":"open","sticky":true,"template":"","format":"standard","meta":[],"categories":[3],"tags":[],"_links":{"self":[{"href":"https:\/\/noviny.xy1.cz\/domains\/noviny.xy1.cz\/wp-json\/wp\/v2\/posts\/395"}],"collection":[{"href":"https:\/\/noviny.xy1.cz\/domains\/noviny.xy1.cz\/wp-json\/wp\/v2\/posts"}],"about":[{"href":"https:\/\/noviny.xy1.cz\/domains\/noviny.xy1.cz\/wp-json\/wp\/v2\/types\/post"}],"author":[{"embeddable":true,"href":"https:\/\/noviny.xy1.cz\/domains\/noviny.xy1.cz\/wp-json\/wp\/v2\/users\/1"}],"replies":[{"embeddable":true,"href":"https:\/\/noviny.xy1.cz\/domains\/noviny.xy1.cz\/wp-json\/wp\/v2\/comments?post=395"}],"version-history":[{"count":5,"href":"https:\/\/noviny.xy1.cz\/domains\/noviny.xy1.cz\/wp-json\/wp\/v2\/posts\/395\/revisions"}],"predecessor-version":[{"id":407,"href":"https:\/\/noviny.xy1.cz\/domains\/noviny.xy1.cz\/wp-json\/wp\/v2\/posts\/395\/revisions\/407"}],"wp:attachment":[{"href":"https:\/\/noviny.xy1.cz\/domains\/noviny.xy1.cz\/wp-json\/wp\/v2\/media?parent=395"}],"wp:term":[{"taxonomy":"category","embeddable":true,"href":"https:\/\/noviny.xy1.cz\/domains\/noviny.xy1.cz\/wp-json\/wp\/v2\/categories?post=395"},{"taxonomy":"post_tag","embeddable":true,"href":"https:\/\/noviny.xy1.cz\/domains\/noviny.xy1.cz\/wp-json\/wp\/v2\/tags?post=395"}],"curies":[{"name":"wp","href":"https:\/\/api.w.org\/{rel}","templated":true}]}}